{"id":15705,"date":"2025-05-07T13:24:49","date_gmt":"2025-05-07T11:24:49","guid":{"rendered":"https:\/\/tera-environnement.com\/dia-mundial-del-asma-la-importancia-de-caracterizar-los-contaminantes-atmosfericos\/"},"modified":"2025-09-25T16:10:09","modified_gmt":"2025-09-25T14:10:09","slug":"dia-mundial-del-asma-la-importancia-de-caracterizar-los-contaminantes-atmosfericos","status":"publish","type":"post","link":"https:\/\/tera-environnement.com\/es\/dia-mundial-del-asma-la-importancia-de-caracterizar-los-contaminantes-atmosfericos\/","title":{"rendered":"D\u00eda Mundial del Asma &#8211; La importancia de caracterizar los contaminantes atmosf\u00e9ricos"},"content":{"rendered":"\t\t<div data-elementor-type=\"wp-post\" data-elementor-id=\"15705\" class=\"elementor elementor-15705 elementor-15634\" data-elementor-post-type=\"post\">\n\t\t\t\t\t\t<section class=\"elementor-section elementor-top-section elementor-element elementor-element-8d5069d elementor-section-boxed elementor-section-height-default elementor-section-height-default\" data-id=\"8d5069d\" data-element_type=\"section\" data-e-type=\"section\">\n\t\t\t\t\t\t<div class=\"elementor-container elementor-column-gap-default\">\n\t\t\t\t\t<div class=\"elementor-column elementor-col-100 elementor-top-column elementor-element elementor-element-abaae19\" data-id=\"abaae19\" data-element_type=\"column\" data-e-type=\"column\">\n\t\t\t<div class=\"elementor-widget-wrap elementor-element-populated\">\n\t\t\t\t\t\t<div class=\"elementor-element elementor-element-162cbc6 elementor-widget__width-auto elementor-widget elementor-widget-image\" data-id=\"162cbc6\" data-element_type=\"widget\" data-e-type=\"widget\" data-widget_type=\"image.default\">\n\t\t\t\t<div class=\"elementor-widget-container\">\n\t\t\t\t\t\t\t\t\t\t\t\t\t\t\t<img decoding=\"async\" width=\"68\" height=\"69\" src=\"https:\/\/tera-environnement.com\/wp-content\/uploads\/2023\/09\/fleche-grise.png\" class=\"attachment-large size-large wp-image-389\" alt=\"\" \/>\t\t\t\t\t\t\t\t\t\t\t\t\t\t\t<\/div>\n\t\t\t\t<\/div>\n\t\t\t\t<div class=\"elementor-element elementor-element-ca79a8e elementor-widget__width-initial elementor-widget elementor-widget-heading\" data-id=\"ca79a8e\" data-element_type=\"widget\" data-e-type=\"widget\" data-widget_type=\"heading.default\">\n\t\t\t\t<div class=\"elementor-widget-container\">\n\t\t\t\t\t<h1 class=\"elementor-heading-title elementor-size-default\">D\u00eda Mundial del Asma &#8211; La importancia de caracterizar los contaminantes atmosf\u00e9ricos<\/h1>\t\t\t\t<\/div>\n\t\t\t\t<\/div>\n\t\t\t\t\t<\/div>\n\t\t<\/div>\n\t\t\t\t\t<\/div>\n\t\t<\/section>\n\t\t<div class=\"elementor-element elementor-element-18bdac4 e-flex e-con-boxed e-con e-parent\" data-id=\"18bdac4\" data-element_type=\"container\" data-e-type=\"container\">\n\t\t\t\t\t<div class=\"e-con-inner\">\n\t\t\t\t<div class=\"elementor-element elementor-element-f716106 elementor-widget elementor-widget-spacer\" data-id=\"f716106\" data-element_type=\"widget\" data-e-type=\"widget\" data-widget_type=\"spacer.default\">\n\t\t\t\t<div class=\"elementor-widget-container\">\n\t\t\t\t\t\t\t<div class=\"elementor-spacer\">\n\t\t\t<div class=\"elementor-spacer-inner\"><\/div>\n\t\t<\/div>\n\t\t\t\t\t\t<\/div>\n\t\t\t\t<\/div>\n\t\t\t\t\t<\/div>\n\t\t\t\t<\/div>\n\t\t<div class=\"elementor-element elementor-element-1da6e11 e-flex e-con-boxed e-con e-parent\" data-id=\"1da6e11\" data-element_type=\"container\" data-e-type=\"container\">\n\t\t\t\t\t<div class=\"e-con-inner\">\n\t\t\t\t<div class=\"elementor-element elementor-element-3c1a958 elementor-widget elementor-widget-text-editor\" data-id=\"3c1a958\" data-element_type=\"widget\" data-e-type=\"widget\" data-widget_type=\"text-editor.default\">\n\t\t\t\t<div class=\"elementor-widget-container\">\n\t\t\t\t\t\t\t\t\t<p><strong>El asma, una enfermedad cr\u00f3nica que es importante diagnosticar<\/strong><\/p>\t\t\t\t\t\t\t\t<\/div>\n\t\t\t\t<\/div>\n\t\t\t\t\t<\/div>\n\t\t\t\t<\/div>\n\t\t<div class=\"elementor-element elementor-element-9bff2a4 e-con-full e-flex e-con e-parent\" data-id=\"9bff2a4\" data-element_type=\"container\" data-e-type=\"container\">\n\t\t<div class=\"elementor-element elementor-element-791f186 e-con-full e-flex e-con e-child\" data-id=\"791f186\" data-element_type=\"container\" data-e-type=\"container\">\n\t\t\t\t<div class=\"elementor-element elementor-element-84c7ee2 elementor-widget__width-initial elementor-widget elementor-widget-text-editor\" data-id=\"84c7ee2\" data-element_type=\"widget\" data-e-type=\"widget\" data-widget_type=\"text-editor.default\">\n\t\t\t\t<div class=\"elementor-widget-container\">\n\t\t\t\t\t\t\t\t\t<p>El D\u00eda Mundial del Asma, organizado por la <a href=\"https:\/\/ginasthma.org\/\" target=\"_blank\" rel=\"noopener\">Global Initiative for Asthma<\/a> (GINA), tuvo lugar este a\u00f1o el 6 de mayo de 2025. Su objetivo es sensibilizar al p\u00fablico en general y a los profesionales sanitarios sobre esta enfermedad respiratoria cr\u00f3nica.<br \/>El asma es una enfermedad inflamatoria persistente de los bronquios, a menudo relacionada con factores al\u00e9rgicos. Se manifiesta mediante s\u00edntomas respiratorios intermitentes, como tos, sibilancias, dificultad para respirar, opresi\u00f3n tor\u00e1cica y, a veces, expectoraci\u00f3n. En algunos casos, estos s\u00edntomas pueden convertirse en ataques graves. Seg\u00fan la <a href=\"https:\/\/www.who.int\/es\/news-room\/facts-in-pictures\/detail\/asthma\" target=\"_blank\" rel=\"noopener\">OMS<\/a>, es la enfermedad cr\u00f3nica m\u00e1s frecuente que afecta a los ni\u00f1os. Alrededor de 339 millones de personas en todo el mundo padecen asma.<\/p>\t\t\t\t\t\t\t\t<\/div>\n\t\t\t\t<\/div>\n\t\t\t\t<\/div>\n\t\t\t\t<div class=\"elementor-element elementor-element-975fe2a elementor-widget elementor-widget-spacer\" data-id=\"975fe2a\" data-element_type=\"widget\" data-e-type=\"widget\" data-widget_type=\"spacer.default\">\n\t\t\t\t<div class=\"elementor-widget-container\">\n\t\t\t\t\t\t\t<div class=\"elementor-spacer\">\n\t\t\t<div class=\"elementor-spacer-inner\"><\/div>\n\t\t<\/div>\n\t\t\t\t\t\t<\/div>\n\t\t\t\t<\/div>\n\t\t<div class=\"elementor-element elementor-element-d27e841 e-con-full e-flex e-con e-child\" data-id=\"d27e841\" data-element_type=\"container\" data-e-type=\"container\">\n\t\t\t\t<div class=\"elementor-element elementor-element-66b1199 elementor-widget elementor-widget-image\" data-id=\"66b1199\" data-element_type=\"widget\" data-e-type=\"widget\" data-widget_type=\"image.default\">\n\t\t\t\t<div class=\"elementor-widget-container\">\n\t\t\t\t\t\t\t\t\t\t\t\t\t\t\t<img fetchpriority=\"high\" decoding=\"async\" width=\"800\" height=\"800\" src=\"https:\/\/tera-environnement.com\/wp-content\/uploads\/2025\/05\/Enfant-avec-asthme.png\" class=\"attachment-large size-large wp-image-15645\" alt=\"\" srcset=\"https:\/\/tera-environnement.com\/wp-content\/uploads\/2025\/05\/Enfant-avec-asthme.png 1024w, https:\/\/tera-environnement.com\/wp-content\/uploads\/2025\/05\/Enfant-avec-asthme-300x300.png 300w, https:\/\/tera-environnement.com\/wp-content\/uploads\/2025\/05\/Enfant-avec-asthme-150x150.png 150w, https:\/\/tera-environnement.com\/wp-content\/uploads\/2025\/05\/Enfant-avec-asthme-768x768.png 768w, https:\/\/tera-environnement.com\/wp-content\/uploads\/2025\/05\/Enfant-avec-asthme-600x600.png 600w, https:\/\/tera-environnement.com\/wp-content\/uploads\/2025\/05\/Enfant-avec-asthme-100x100.png 100w\" sizes=\"(max-width: 800px) 100vw, 800px\" \/>\t\t\t\t\t\t\t\t\t\t\t\t\t\t\t<\/div>\n\t\t\t\t<\/div>\n\t\t\t\t<\/div>\n\t\t\t\t<\/div>\n\t\t<div class=\"elementor-element elementor-element-98af2d5 e-con-full e-flex e-con e-parent\" data-id=\"98af2d5\" data-element_type=\"container\" data-e-type=\"container\">\n\t\t<div class=\"elementor-element elementor-element-4abe01f e-con-full e-flex e-con e-child\" data-id=\"4abe01f\" data-element_type=\"container\" data-e-type=\"container\">\n\t\t\t\t<div class=\"elementor-element elementor-element-cf8eb91 elementor-widget elementor-widget-image\" data-id=\"cf8eb91\" data-element_type=\"widget\" data-e-type=\"widget\" data-widget_type=\"image.default\">\n\t\t\t\t<div class=\"elementor-widget-container\">\n\t\t\t\t\t\t\t\t\t\t\t\t\t\t\t<img decoding=\"async\" width=\"200\" height=\"286\" src=\"https:\/\/tera-environnement.com\/wp-content\/uploads\/2025\/05\/Travailleur-actu-asthme.png\" class=\"attachment-large size-large wp-image-15648\" alt=\"\" \/>\t\t\t\t\t\t\t\t\t\t\t\t\t\t\t<\/div>\n\t\t\t\t<\/div>\n\t\t\t\t<\/div>\n\t\t\t\t<div class=\"elementor-element elementor-element-0dd18f9 elementor-widget elementor-widget-spacer\" data-id=\"0dd18f9\" data-element_type=\"widget\" data-e-type=\"widget\" data-widget_type=\"spacer.default\">\n\t\t\t\t<div class=\"elementor-widget-container\">\n\t\t\t\t\t\t\t<div class=\"elementor-spacer\">\n\t\t\t<div class=\"elementor-spacer-inner\"><\/div>\n\t\t<\/div>\n\t\t\t\t\t\t<\/div>\n\t\t\t\t<\/div>\n\t\t<div class=\"elementor-element elementor-element-783cdfd e-con-full e-flex e-con e-child\" data-id=\"783cdfd\" data-element_type=\"container\" data-e-type=\"container\">\n\t\t\t\t<div class=\"elementor-element elementor-element-b929c2b elementor-widget__width-initial elementor-widget elementor-widget-text-editor\" data-id=\"b929c2b\" data-element_type=\"widget\" data-e-type=\"widget\" data-widget_type=\"text-editor.default\">\n\t\t\t\t<div class=\"elementor-widget-container\">\n\t\t\t\t\t\t\t\t\t<p>En Francia, se calcula que casi 4 millones de personas padecen asma, entre ellas muchos ni\u00f1os. Entre los adultos, el 15-20% de los casos est\u00e1n relacionados con el trabajo.\u00a0<a href=\"https:\/\/www.msdmanuals.com\/es\/professional\/trastornos-pulmonares\/enfermedades-pulmonares-ambientales-y-ocupacionales\/asma-relacionado-con-el-trabajo\" target=\"_blank\" rel=\"noopener\">El asma ocupacional<\/a> es la enfermedad respiratoria m\u00e1s frecuente en los pa\u00edses industrializados. Est\u00e1 causada o agravada por la inhalaci\u00f3n de sustancias irritantes en el lugar de trabajo, como los isocianatos, ciertos metales o el polvo de madera.<\/p><p>Adem\u00e1s, entre 2016 y 2019, <a href=\"https:\/\/www.santepubliquefrance.fr\/presse\/2025\/asthme-accident-vasculaire-cerebral-diabete-quels-impacts-de-la-pollution-de-l-air-ambiant-sur-la-sante-et-quel-impact-economique\" target=\"_blank\" rel=\"noopener\">Sant\u00e9 publique France<\/a> evalu\u00f3 el impacto de la exposici\u00f3n a la contaminaci\u00f3n atmosf\u00e9rica ambiental en varias enfermedades. Este estudio puso de manifiesto una relaci\u00f3n entre la exposici\u00f3n al di\u00f3xido de nitr\u00f3geno (NO\u2082) y a las part\u00edculas finas (PM2,5), y el desarrollo de patolog\u00edas respiratorias, en particular el asma en adultos y ni\u00f1os.<\/p>\t\t\t\t\t\t\t\t<\/div>\n\t\t\t\t<\/div>\n\t\t\t\t<\/div>\n\t\t\t\t<\/div>\n\t\t<div class=\"elementor-element elementor-element-1ac1ad1 e-flex e-con-boxed e-con e-parent\" data-id=\"1ac1ad1\" data-element_type=\"container\" data-e-type=\"container\">\n\t\t\t\t\t<div class=\"e-con-inner\">\n\t\t\t\t<div class=\"elementor-element elementor-element-a42b7ea elementor-widget elementor-widget-spacer\" data-id=\"a42b7ea\" data-element_type=\"widget\" data-e-type=\"widget\" data-widget_type=\"spacer.default\">\n\t\t\t\t<div class=\"elementor-widget-container\">\n\t\t\t\t\t\t\t<div class=\"elementor-spacer\">\n\t\t\t<div class=\"elementor-spacer-inner\"><\/div>\n\t\t<\/div>\n\t\t\t\t\t\t<\/div>\n\t\t\t\t<\/div>\n\t\t\t\t<div class=\"elementor-element elementor-element-75cec77 elementor-widget elementor-widget-text-editor\" data-id=\"75cec77\" data-element_type=\"widget\" data-e-type=\"widget\" data-widget_type=\"text-editor.default\">\n\t\t\t\t<div class=\"elementor-widget-container\">\n\t\t\t\t\t\t\t\t\t<p><strong>TERA Environnement puede ayudarte a controlar la calidad del aire  <\/strong><\/p>\t\t\t\t\t\t\t\t<\/div>\n\t\t\t\t<\/div>\n\t\t\t\t\t<\/div>\n\t\t\t\t<\/div>\n\t\t<div class=\"elementor-element elementor-element-3306f1b e-con-full e-flex e-con e-parent\" data-id=\"3306f1b\" data-element_type=\"container\" data-e-type=\"container\">\n\t\t<div class=\"elementor-element elementor-element-0992960 e-con-full e-flex e-con e-child\" data-id=\"0992960\" data-element_type=\"container\" data-e-type=\"container\">\n\t\t\t\t<div class=\"elementor-element elementor-element-9cf71c6 elementor-widget elementor-widget-text-editor\" data-id=\"9cf71c6\" data-element_type=\"widget\" data-e-type=\"widget\" data-widget_type=\"text-editor.default\">\n\t\t\t\t<div class=\"elementor-widget-container\">\n\t\t\t\t\t\t\t\t\t<p>En este contexto, la vigilancia de la calidad del aire es una palanca de prevenci\u00f3n esencial. TERA Environnement contribuye a este enfoque ofreciendo soluciones para medir y analizar diversos contaminantes atmosf\u00e9ricos, como el NO\u2082 (con acreditaci\u00f3n COFRAC Essais*) y las PM2,5, en entornos exteriores con el suministro de <a href=\"https:\/\/tera-environnement.com\/es\/alquiler-de-equipos\/soportes-de-muestreo\/\">medios pasivos o activos<\/a>. En este contexto de vigilancia, tambi\u00e9n ofrecemos el suministro de <a href=\"https:\/\/tera-environnement.com\/es\/alquiler-de-equipos\/estaciones-de-medida-conectadas\/\">estaciones de medida conectadas<\/a>\u00a0que permiten controlar las concentraciones en tiempo real.<\/p><p>Nuestra experiencia tambi\u00e9n se extiende a la calidad del aire en el lugar de trabajo. Te apoyamos en tu labor de vigilancia ofreci\u00e9ndote an\u00e1lisis espec\u00edficos, como el an\u00e1lisis de metales, polvos y polvo de madera (con acreditaci\u00f3n COFRAC Essais*), o el an\u00e1lisis de isocianatos por el laboratorio <a href=\"https:\/\/toxilabo.fr\/\" target=\"_blank\" rel=\"noopener\">ToxiLabo<\/a>, entidad del <a href=\"https:\/\/groupe-tera.com\/\" target=\"_blank\" rel=\"noopener\">Groupe TERA<\/a>. Estos an\u00e1lisis se utilizan para evaluar la exposici\u00f3n y limitar los riesgos para la salud de los trabajadores.<\/p>\t\t\t\t\t\t\t\t<\/div>\n\t\t\t\t<\/div>\n\t\t\t\t<\/div>\n\t\t\t\t<div class=\"elementor-element elementor-element-4e32b23 elementor-widget elementor-widget-spacer\" data-id=\"4e32b23\" data-element_type=\"widget\" data-e-type=\"widget\" data-widget_type=\"spacer.default\">\n\t\t\t\t<div class=\"elementor-widget-container\">\n\t\t\t\t\t\t\t<div class=\"elementor-spacer\">\n\t\t\t<div class=\"elementor-spacer-inner\"><\/div>\n\t\t<\/div>\n\t\t\t\t\t\t<\/div>\n\t\t\t\t<\/div>\n\t\t<div class=\"elementor-element elementor-element-290e2a2 e-con-full e-flex e-con e-child\" data-id=\"290e2a2\" data-element_type=\"container\" data-e-type=\"container\">\n\t\t\t\t<div class=\"elementor-element elementor-element-2c7ac3a elementor-widget elementor-widget-image\" data-id=\"2c7ac3a\" data-element_type=\"widget\" data-e-type=\"widget\" data-widget_type=\"image.default\">\n\t\t\t\t<div class=\"elementor-widget-container\">\n\t\t\t\t\t\t\t\t\t\t\t\t\t\t\t<img loading=\"lazy\" decoding=\"async\" width=\"800\" height=\"800\" src=\"https:\/\/tera-environnement.com\/wp-content\/uploads\/2025\/05\/Paysage-pollen-actu-asthme-1.png\" class=\"attachment-large size-large wp-image-15664\" alt=\"\" srcset=\"https:\/\/tera-environnement.com\/wp-content\/uploads\/2025\/05\/Paysage-pollen-actu-asthme-1.png 1024w, https:\/\/tera-environnement.com\/wp-content\/uploads\/2025\/05\/Paysage-pollen-actu-asthme-1-300x300.png 300w, https:\/\/tera-environnement.com\/wp-content\/uploads\/2025\/05\/Paysage-pollen-actu-asthme-1-150x150.png 150w, https:\/\/tera-environnement.com\/wp-content\/uploads\/2025\/05\/Paysage-pollen-actu-asthme-1-768x768.png 768w, https:\/\/tera-environnement.com\/wp-content\/uploads\/2025\/05\/Paysage-pollen-actu-asthme-1-600x600.png 600w, https:\/\/tera-environnement.com\/wp-content\/uploads\/2025\/05\/Paysage-pollen-actu-asthme-1-100x100.png 100w\" sizes=\"(max-width: 800px) 100vw, 800px\" \/>\t\t\t\t\t\t\t\t\t\t\t\t\t\t\t<\/div>\n\t\t\t\t<\/div>\n\t\t\t\t<\/div>\n\t\t\t\t<\/div>\n\t\t<div class=\"elementor-element elementor-element-27be9c6 e-flex e-con-boxed e-con e-parent\" data-id=\"27be9c6\" data-element_type=\"container\" data-e-type=\"container\">\n\t\t\t\t\t<div class=\"e-con-inner\">\n\t\t\t\t<div class=\"elementor-element elementor-element-596bea6 elementor-widget-divider--view-line elementor-widget elementor-widget-divider\" data-id=\"596bea6\" data-element_type=\"widget\" data-e-type=\"widget\" data-widget_type=\"divider.default\">\n\t\t\t\t<div class=\"elementor-widget-container\">\n\t\t\t\t\t\t\t<div class=\"elementor-divider\">\n\t\t\t<span class=\"elementor-divider-separator\">\n\t\t\t\t\t\t<\/span>\n\t\t<\/div>\n\t\t\t\t\t\t<\/div>\n\t\t\t\t<\/div>\n\t\t\t\t\t<\/div>\n\t\t\t\t<\/div>\n\t\t<div class=\"elementor-element elementor-element-62d2ee0 e-flex e-con-boxed e-con e-parent\" data-id=\"62d2ee0\" data-element_type=\"container\" data-e-type=\"container\">\n\t\t\t\t\t<div class=\"e-con-inner\">\n\t\t<div class=\"elementor-element elementor-element-329665a3 e-con-full e-flex e-con e-child\" data-id=\"329665a3\" data-element_type=\"container\" data-e-type=\"container\">\n\t\t\t\t<div class=\"elementor-element elementor-element-2f5dbaca elementor-widget__width-initial elementor-widget elementor-widget-image\" data-id=\"2f5dbaca\" data-element_type=\"widget\" data-e-type=\"widget\" data-widget_type=\"image.default\">\n\t\t\t\t<div class=\"elementor-widget-container\">\n\t\t\t\t\t\t\t\t\t\t\t\t\t\t\t<img loading=\"lazy\" decoding=\"async\" width=\"92\" height=\"153\" src=\"https:\/\/tera-environnement.com\/wp-content\/uploads\/2023\/12\/unnamed2.jpg\" class=\"attachment-large size-large wp-image-8345\" alt=\"\" \/>\t\t\t\t\t\t\t\t\t\t\t\t\t\t\t<\/div>\n\t\t\t\t<\/div>\n\t\t\t\t<\/div>\n\t\t<div class=\"elementor-element elementor-element-625e3771 e-con-full e-flex e-con e-child\" data-id=\"625e3771\" data-element_type=\"container\" data-e-type=\"container\">\n\t\t\t\t<div class=\"elementor-element elementor-element-58854a43 elementor-widget elementor-widget-text-editor\" data-id=\"58854a43\" data-element_type=\"widget\" data-e-type=\"widget\" data-widget_type=\"text-editor.default\">\n\t\t\t\t<div class=\"elementor-widget-container\">\n\t\t\t\t\t\t\t\t\t<p>*Ver nuestros alcances de acreditaci\u00f3n Cofrac Essais 1-5598 y 1-5599, lista de centros y alcances disponible en cofrac.fr<\/p><p><strong><a href=\"https:\/\/tools.cofrac.fr\/annexes\/sect1\/1-5598.pdf\" target=\"_blank\" rel=\"noopener\">Alcance de acreditaci\u00f3n de nuestro laboratorio de Crolles : 1-5598<\/a> &amp; <\/strong><strong><a href=\"https:\/\/tools.cofrac.fr\/annexes\/sect1\/1-5599.pdf\">Alcance de acreditaci\u00f3n de nuestro laboratorio de Fuveau : 1-5599<\/a><\/strong><\/p>\t\t\t\t\t\t\t\t<\/div>\n\t\t\t\t<\/div>\n\t\t\t\t<\/div>\n\t\t\t\t\t<\/div>\n\t\t\t\t<\/div>\n\t\t<div class=\"elementor-element elementor-element-5ec4b76 e-flex e-con-boxed e-con e-parent\" data-id=\"5ec4b76\" data-element_type=\"container\" data-e-type=\"container\">\n\t\t\t\t\t<div class=\"e-con-inner\">\n\t\t\t\t<div class=\"elementor-element elementor-element-8796b1c elementor-widget-divider--view-line elementor-widget elementor-widget-divider\" data-id=\"8796b1c\" data-element_type=\"widget\" data-e-type=\"widget\" data-widget_type=\"divider.default\">\n\t\t\t\t<div class=\"elementor-widget-container\">\n\t\t\t\t\t\t\t<div class=\"elementor-divider\">\n\t\t\t<span class=\"elementor-divider-separator\">\n\t\t\t\t\t\t<\/span>\n\t\t<\/div>\n\t\t\t\t\t\t<\/div>\n\t\t\t\t<\/div>\n\t\t\t\t\t<\/div>\n\t\t\t\t<\/div>\n\t\t<div class=\"elementor-element elementor-element-36f09584 e-con-full e-flex e-con e-parent\" data-id=\"36f09584\" data-element_type=\"container\" data-e-type=\"container\">\n\t\t<div class=\"elementor-element elementor-element-6c366bbc e-flex e-con-boxed e-con e-child\" data-id=\"6c366bbc\" data-element_type=\"container\" data-e-type=\"container\">\n\t\t\t\t\t<div class=\"e-con-inner\">\n\t\t\t\t<div class=\"elementor-element elementor-element-33018333 elementor-widget elementor-widget-text-editor\" data-id=\"33018333\" data-element_type=\"widget\" data-e-type=\"widget\" data-widget_type=\"text-editor.default\">\n\t\t\t\t<div class=\"elementor-widget-container\">\n\t\t\t\t\t\t\t\t\t<p><strong>Echa un vistazo a nuestros servicios de an\u00e1lisis del aire y medios de muestreo<\/strong><\/p>\t\t\t\t\t\t\t\t<\/div>\n\t\t\t\t<\/div>\n\t\t\t\t\t<\/div>\n\t\t\t\t<\/div>\n\t\t<div class=\"elementor-element elementor-element-5b778dd6 e-flex e-con-boxed e-con e-child\" data-id=\"5b778dd6\" data-element_type=\"container\" data-e-type=\"container\">\n\t\t\t\t\t<div class=\"e-con-inner\">\n\t\t<div class=\"elementor-element elementor-element-6476937f e-flex e-con-boxed e-con e-child\" data-id=\"6476937f\" data-element_type=\"container\" data-e-type=\"container\">\n\t\t\t\t\t<div class=\"e-con-inner\">\n\t\t\t\t<div class=\"elementor-element elementor-element-5a95212a buton elementor-widget elementor-widget-button\" data-id=\"5a95212a\" data-element_type=\"widget\" data-e-type=\"widget\" data-widget_type=\"button.default\">\n\t\t\t\t<div class=\"elementor-widget-container\">\n\t\t\t\t\t\t\t\t\t<div class=\"elementor-button-wrapper\">\n\t\t\t\t\t<a class=\"elementor-button elementor-button-link elementor-size-sm\" href=\"https:\/\/tera-environnement.com\/es\/alquiler-de-equipos\/soportes-de-muestreo\/\">\n\t\t\t\t\t\t<span class=\"elementor-button-content-wrapper\">\n\t\t\t\t\t\t\t\t\t<span class=\"elementor-button-text\">Soportes y equipos  <\/span>\n\t\t\t\t\t<\/span>\n\t\t\t\t\t<\/a>\n\t\t\t\t<\/div>\n\t\t\t\t\t\t\t\t<\/div>\n\t\t\t\t<\/div>\n\t\t\t\t<div class=\"elementor-element elementor-element-230bb815 buton elementor-widget elementor-widget-button\" data-id=\"230bb815\" data-element_type=\"widget\" data-e-type=\"widget\" data-widget_type=\"button.default\">\n\t\t\t\t<div class=\"elementor-widget-container\">\n\t\t\t\t\t\t\t\t\t<div class=\"elementor-button-wrapper\">\n\t\t\t\t\t<a class=\"elementor-button elementor-button-link elementor-size-sm\" href=\"https:\/\/tera-environnement.com\/es\/analisis-de-aire\/exposicion-profesional\/\">\n\t\t\t\t\t\t<span class=\"elementor-button-content-wrapper\">\n\t\t\t\t\t\t\t\t\t<span class=\"elementor-button-text\">An\u00e1lisis del aire<\/span>\n\t\t\t\t\t<\/span>\n\t\t\t\t\t<\/a>\n\t\t\t\t<\/div>\n\t\t\t\t\t\t\t\t<\/div>\n\t\t\t\t<\/div>\n\t\t\t\t\t<\/div>\n\t\t\t\t<\/div>\n\t\t\t\t\t<\/div>\n\t\t\t\t<\/div>\n\t\t\t\t<\/div>\n\t\t<div class=\"elementor-element elementor-element-1db896f8 e-con-full e-flex e-con e-parent\" data-id=\"1db896f8\" data-element_type=\"container\" data-e-type=\"container\">\n\t\t<div class=\"elementor-element elementor-element-27c86b39 e-flex e-con-boxed e-con e-child\" data-id=\"27c86b39\" data-element_type=\"container\" data-e-type=\"container\">\n\t\t\t\t\t<div class=\"e-con-inner\">\n\t\t\t\t<div class=\"elementor-element elementor-element-3d3c6f8d elementor-widget elementor-widget-text-editor\" data-id=\"3d3c6f8d\" data-element_type=\"widget\" data-e-type=\"widget\" data-widget_type=\"text-editor.default\">\n\t\t\t\t<div class=\"elementor-widget-container\">\n\t\t\t\t\t\t\t\t\t<p align=\"justify\"><strong>\u00bfTienes alguna pregunta o necesitas un presupuesto? Ponte en contacto con nosotros para saber m\u00e1s sobre nuestros servicios de an\u00e1lisis. <\/strong><\/p>\t\t\t\t\t\t\t\t<\/div>\n\t\t\t\t<\/div>\n\t\t\t\t\t<\/div>\n\t\t\t\t<\/div>\n\t\t<div class=\"elementor-element elementor-element-1700fffb e-flex e-con-boxed e-con e-child\" data-id=\"1700fffb\" data-element_type=\"container\" data-e-type=\"container\">\n\t\t\t\t\t<div class=\"e-con-inner\">\n\t\t<div class=\"elementor-element elementor-element-51b7884e e-flex e-con-boxed e-con e-child\" data-id=\"51b7884e\" data-element_type=\"container\" data-e-type=\"container\">\n\t\t\t\t\t<div class=\"e-con-inner\">\n\t\t\t\t<div class=\"elementor-element elementor-element-b55c9ef buton elementor-widget elementor-widget-button\" data-id=\"b55c9ef\" data-element_type=\"widget\" data-e-type=\"widget\" data-widget_type=\"button.default\">\n\t\t\t\t<div class=\"elementor-widget-container\">\n\t\t\t\t\t\t\t\t\t<div class=\"elementor-button-wrapper\">\n\t\t\t\t\t<a class=\"elementor-button elementor-button-link elementor-size-sm\" href=\"mailto:commercial@tera-environnement.com%20\">\n\t\t\t\t\t\t<span class=\"elementor-button-content-wrapper\">\n\t\t\t\t\t\t\t\t\t<span class=\"elementor-button-text\">Solicitar un presupuesto<\/span>\n\t\t\t\t\t<\/span>\n\t\t\t\t\t<\/a>\n\t\t\t\t<\/div>\n\t\t\t\t\t\t\t\t<\/div>\n\t\t\t\t<\/div>\n\t\t\t\t\t<\/div>\n\t\t\t\t<\/div>\n\t\t\t\t\t<\/div>\n\t\t\t\t<\/div>\n\t\t\t\t<\/div>\n\t\t\t\t<\/div>\n\t\t","protected":false},"excerpt":{"rendered":"<p>El asma, una enfermedad cr\u00f3nica que es importante diagnosticar El D\u00eda Mundial del Asma, organizado por la Global Initiative for Asthma (GINA), tuvo lugar este a\u00f1o el 6 de mayo de 2025. Su objetivo es sensibilizar al p\u00fablico en general y a los profesionales sanitarios sobre esta enfermedad respiratoria cr\u00f3nica. El asma es una enfermedad [&hellip;]<\/p>\n","protected":false},"author":42,"featured_media":15642,"comment_status":"closed","ping_status":"open","sticky":false,"template":"elementor_header_footer","format":"standard","meta":{"_acf_changed":false,"footnotes":""},"categories":[96],"tags":[],"class_list":["post-15705","post","type-post","status-publish","format-standard","has-post-thumbnail","hentry","category-noticias"],"acf":[],"yoast_head":"<!-- This site is optimized with the Yoast SEO plugin v27.5 - https:\/\/yoast.com\/product\/yoast-seo-wordpress\/ -->\n<title>D\u00eda Mundial del Asma - 6 de mayo de 2025<\/title>\n<meta name=\"description\" content=\"TERA Environnement, laboratorio de an\u00e1lisis especializado en an\u00e1lisis del aire, es tu mejor aliado para caracterizar contaminantes.\" \/>\n<meta name=\"robots\" content=\"index, follow, max-snippet:-1, max-image-preview:large, max-video-preview:-1\" \/>\n<link rel=\"canonical\" href=\"https:\/\/tera-environnement.com\/es\/dia-mundial-del-asma-la-importancia-de-caracterizar-los-contaminantes-atmosfericos\/\" \/>\n<meta property=\"og:locale\" content=\"es_ES\" \/>\n<meta property=\"og:type\" content=\"article\" \/>\n<meta property=\"og:title\" content=\"D\u00eda Mundial del Asma - 6 de mayo de 2025\" \/>\n<meta property=\"og:description\" content=\"TERA Environnement, laboratorio de an\u00e1lisis especializado en an\u00e1lisis del aire, es tu mejor aliado para caracterizar contaminantes.\" \/>\n<meta property=\"og:url\" content=\"https:\/\/tera-environnement.com\/es\/dia-mundial-del-asma-la-importancia-de-caracterizar-los-contaminantes-atmosfericos\/\" \/>\n<meta property=\"og:site_name\" content=\"TERA Environnement\" \/>\n<meta property=\"article:published_time\" content=\"2025-05-07T11:24:49+00:00\" \/>\n<meta property=\"article:modified_time\" content=\"2025-09-25T14:10:09+00:00\" \/>\n<meta property=\"og:image\" content=\"https:\/\/tera-environnement.com\/wp-content\/uploads\/2025\/05\/Paysage-pollen-actu-asthme-e1746617973910.png\" \/>\n\t<meta property=\"og:image:width\" content=\"800\" \/>\n\t<meta property=\"og:image:height\" content=\"800\" \/>\n\t<meta property=\"og:image:type\" content=\"image\/png\" \/>\n<meta name=\"author\" content=\"TERA ENVIRONNEMENT\" \/>\n<meta name=\"twitter:card\" content=\"summary_large_image\" \/>\n<meta name=\"twitter:label1\" content=\"Escrito por\" \/>\n\t<meta name=\"twitter:data1\" content=\"TERA ENVIRONNEMENT\" \/>\n\t<meta name=\"twitter:label2\" content=\"Tiempo de lectura\" \/>\n\t<meta name=\"twitter:data2\" content=\"4 minutos\" \/>\n<script type=\"application\/ld+json\" class=\"yoast-schema-graph\">{\"@context\":\"https:\\\/\\\/schema.org\",\"@graph\":[{\"@type\":\"Article\",\"@id\":\"https:\\\/\\\/tera-environnement.com\\\/es\\\/dia-mundial-del-asma-la-importancia-de-caracterizar-los-contaminantes-atmosfericos\\\/#article\",\"isPartOf\":{\"@id\":\"https:\\\/\\\/tera-environnement.com\\\/es\\\/dia-mundial-del-asma-la-importancia-de-caracterizar-los-contaminantes-atmosfericos\\\/\"},\"author\":{\"name\":\"TERA ENVIRONNEMENT\",\"@id\":\"https:\\\/\\\/tera-environnement.com\\\/#\\\/schema\\\/person\\\/6df5953bd840ea4693c1d0928a339204\"},\"headline\":\"D\u00eda Mundial del Asma &#8211; La importancia de caracterizar los contaminantes atmosf\u00e9ricos\",\"datePublished\":\"2025-05-07T11:24:49+00:00\",\"dateModified\":\"2025-09-25T14:10:09+00:00\",\"mainEntityOfPage\":{\"@id\":\"https:\\\/\\\/tera-environnement.com\\\/es\\\/dia-mundial-del-asma-la-importancia-de-caracterizar-los-contaminantes-atmosfericos\\\/\"},\"wordCount\":538,\"publisher\":{\"@id\":\"https:\\\/\\\/tera-environnement.com\\\/#organization\"},\"image\":{\"@id\":\"https:\\\/\\\/tera-environnement.com\\\/es\\\/dia-mundial-del-asma-la-importancia-de-caracterizar-los-contaminantes-atmosfericos\\\/#primaryimage\"},\"thumbnailUrl\":\"https:\\\/\\\/tera-environnement.com\\\/wp-content\\\/uploads\\\/2025\\\/05\\\/Paysage-pollen-actu-asthme-e1746617973910.png\",\"articleSection\":[\"Noticias\"],\"inLanguage\":\"es\"},{\"@type\":\"WebPage\",\"@id\":\"https:\\\/\\\/tera-environnement.com\\\/es\\\/dia-mundial-del-asma-la-importancia-de-caracterizar-los-contaminantes-atmosfericos\\\/\",\"url\":\"https:\\\/\\\/tera-environnement.com\\\/es\\\/dia-mundial-del-asma-la-importancia-de-caracterizar-los-contaminantes-atmosfericos\\\/\",\"name\":\"D\u00eda Mundial del Asma - 6 de mayo de 2025\",\"isPartOf\":{\"@id\":\"https:\\\/\\\/tera-environnement.com\\\/#website\"},\"primaryImageOfPage\":{\"@id\":\"https:\\\/\\\/tera-environnement.com\\\/es\\\/dia-mundial-del-asma-la-importancia-de-caracterizar-los-contaminantes-atmosfericos\\\/#primaryimage\"},\"image\":{\"@id\":\"https:\\\/\\\/tera-environnement.com\\\/es\\\/dia-mundial-del-asma-la-importancia-de-caracterizar-los-contaminantes-atmosfericos\\\/#primaryimage\"},\"thumbnailUrl\":\"https:\\\/\\\/tera-environnement.com\\\/wp-content\\\/uploads\\\/2025\\\/05\\\/Paysage-pollen-actu-asthme-e1746617973910.png\",\"datePublished\":\"2025-05-07T11:24:49+00:00\",\"dateModified\":\"2025-09-25T14:10:09+00:00\",\"description\":\"TERA Environnement, laboratorio de an\u00e1lisis especializado en an\u00e1lisis del aire, es tu mejor aliado para caracterizar contaminantes.\",\"breadcrumb\":{\"@id\":\"https:\\\/\\\/tera-environnement.com\\\/es\\\/dia-mundial-del-asma-la-importancia-de-caracterizar-los-contaminantes-atmosfericos\\\/#breadcrumb\"},\"inLanguage\":\"es\",\"potentialAction\":[{\"@type\":\"ReadAction\",\"target\":[\"https:\\\/\\\/tera-environnement.com\\\/es\\\/dia-mundial-del-asma-la-importancia-de-caracterizar-los-contaminantes-atmosfericos\\\/\"]}]},{\"@type\":\"ImageObject\",\"inLanguage\":\"es\",\"@id\":\"https:\\\/\\\/tera-environnement.com\\\/es\\\/dia-mundial-del-asma-la-importancia-de-caracterizar-los-contaminantes-atmosfericos\\\/#primaryimage\",\"url\":\"https:\\\/\\\/tera-environnement.com\\\/wp-content\\\/uploads\\\/2025\\\/05\\\/Paysage-pollen-actu-asthme-e1746617973910.png\",\"contentUrl\":\"https:\\\/\\\/tera-environnement.com\\\/wp-content\\\/uploads\\\/2025\\\/05\\\/Paysage-pollen-actu-asthme-e1746617973910.png\",\"width\":1024,\"height\":1024},{\"@type\":\"BreadcrumbList\",\"@id\":\"https:\\\/\\\/tera-environnement.com\\\/es\\\/dia-mundial-del-asma-la-importancia-de-caracterizar-los-contaminantes-atmosfericos\\\/#breadcrumb\",\"itemListElement\":[{\"@type\":\"ListItem\",\"position\":1,\"name\":\"Home\",\"item\":\"https:\\\/\\\/tera-environnement.com\\\/es\\\/\"},{\"@type\":\"ListItem\",\"position\":2,\"name\":\"D\u00eda Mundial del Asma &#8211; La importancia de caracterizar los contaminantes atmosf\u00e9ricos\"}]},{\"@type\":\"WebSite\",\"@id\":\"https:\\\/\\\/tera-environnement.com\\\/#website\",\"url\":\"https:\\\/\\\/tera-environnement.com\\\/\",\"name\":\"TERA Environnement\",\"description\":\"Une soci\u00e9t\u00e9 du groupe tera\",\"publisher\":{\"@id\":\"https:\\\/\\\/tera-environnement.com\\\/#organization\"},\"potentialAction\":[{\"@type\":\"SearchAction\",\"target\":{\"@type\":\"EntryPoint\",\"urlTemplate\":\"https:\\\/\\\/tera-environnement.com\\\/?s={search_term_string}\"},\"query-input\":{\"@type\":\"PropertyValueSpecification\",\"valueRequired\":true,\"valueName\":\"search_term_string\"}}],\"inLanguage\":\"es\"},{\"@type\":\"Organization\",\"@id\":\"https:\\\/\\\/tera-environnement.com\\\/#organization\",\"name\":\"TERA Environnement\",\"url\":\"https:\\\/\\\/tera-environnement.com\\\/\",\"logo\":{\"@type\":\"ImageObject\",\"inLanguage\":\"es\",\"@id\":\"https:\\\/\\\/tera-environnement.com\\\/#\\\/schema\\\/logo\\\/image\\\/\",\"url\":\"https:\\\/\\\/tera-environnement.com\\\/wp-content\\\/uploads\\\/2023\\\/09\\\/Logotype_Tera_Sensor-seul_couleur-1.jpg\",\"contentUrl\":\"https:\\\/\\\/tera-environnement.com\\\/wp-content\\\/uploads\\\/2023\\\/09\\\/Logotype_Tera_Sensor-seul_couleur-1.jpg\",\"width\":125,\"height\":90,\"caption\":\"TERA Environnement\"},\"image\":{\"@id\":\"https:\\\/\\\/tera-environnement.com\\\/#\\\/schema\\\/logo\\\/image\\\/\"}},{\"@type\":\"Person\",\"@id\":\"https:\\\/\\\/tera-environnement.com\\\/#\\\/schema\\\/person\\\/6df5953bd840ea4693c1d0928a339204\",\"name\":\"TERA ENVIRONNEMENT\",\"image\":{\"@type\":\"ImageObject\",\"inLanguage\":\"es\",\"@id\":\"https:\\\/\\\/secure.gravatar.com\\\/avatar\\\/cbe5a144e518b2e02b7ae0e53c991c510da23d4b1a561106f529b7285e9e9667?s=96&d=mm&r=g\",\"url\":\"https:\\\/\\\/secure.gravatar.com\\\/avatar\\\/cbe5a144e518b2e02b7ae0e53c991c510da23d4b1a561106f529b7285e9e9667?s=96&d=mm&r=g\",\"contentUrl\":\"https:\\\/\\\/secure.gravatar.com\\\/avatar\\\/cbe5a144e518b2e02b7ae0e53c991c510da23d4b1a561106f529b7285e9e9667?s=96&d=mm&r=g\",\"caption\":\"TERA ENVIRONNEMENT\"},\"url\":\"https:\\\/\\\/tera-environnement.com\\\/es\\\/author\\\/tera-environnement\\\/\"}]}<\/script>\n<!-- \/ Yoast SEO plugin. -->","yoast_head_json":{"title":"D\u00eda Mundial del Asma - 6 de mayo de 2025","description":"TERA Environnement, laboratorio de an\u00e1lisis especializado en an\u00e1lisis del aire, es tu mejor aliado para caracterizar contaminantes.","robots":{"index":"index","follow":"follow","max-snippet":"max-snippet:-1","max-image-preview":"max-image-preview:large","max-video-preview":"max-video-preview:-1"},"canonical":"https:\/\/tera-environnement.com\/es\/dia-mundial-del-asma-la-importancia-de-caracterizar-los-contaminantes-atmosfericos\/","og_locale":"es_ES","og_type":"article","og_title":"D\u00eda Mundial del Asma - 6 de mayo de 2025","og_description":"TERA Environnement, laboratorio de an\u00e1lisis especializado en an\u00e1lisis del aire, es tu mejor aliado para caracterizar contaminantes.","og_url":"https:\/\/tera-environnement.com\/es\/dia-mundial-del-asma-la-importancia-de-caracterizar-los-contaminantes-atmosfericos\/","og_site_name":"TERA Environnement","article_published_time":"2025-05-07T11:24:49+00:00","article_modified_time":"2025-09-25T14:10:09+00:00","og_image":[{"url":"https:\/\/tera-environnement.com\/wp-content\/uploads\/2025\/05\/Paysage-pollen-actu-asthme-e1746617973910.png","width":800,"height":800,"type":"image\/png"}],"author":"TERA ENVIRONNEMENT","twitter_card":"summary_large_image","twitter_misc":{"Escrito por":"TERA ENVIRONNEMENT","Tiempo de lectura":"4 minutos"},"schema":{"@context":"https:\/\/schema.org","@graph":[{"@type":"Article","@id":"https:\/\/tera-environnement.com\/es\/dia-mundial-del-asma-la-importancia-de-caracterizar-los-contaminantes-atmosfericos\/#article","isPartOf":{"@id":"https:\/\/tera-environnement.com\/es\/dia-mundial-del-asma-la-importancia-de-caracterizar-los-contaminantes-atmosfericos\/"},"author":{"name":"TERA ENVIRONNEMENT","@id":"https:\/\/tera-environnement.com\/#\/schema\/person\/6df5953bd840ea4693c1d0928a339204"},"headline":"D\u00eda Mundial del Asma &#8211; La importancia de caracterizar los contaminantes atmosf\u00e9ricos","datePublished":"2025-05-07T11:24:49+00:00","dateModified":"2025-09-25T14:10:09+00:00","mainEntityOfPage":{"@id":"https:\/\/tera-environnement.com\/es\/dia-mundial-del-asma-la-importancia-de-caracterizar-los-contaminantes-atmosfericos\/"},"wordCount":538,"publisher":{"@id":"https:\/\/tera-environnement.com\/#organization"},"image":{"@id":"https:\/\/tera-environnement.com\/es\/dia-mundial-del-asma-la-importancia-de-caracterizar-los-contaminantes-atmosfericos\/#primaryimage"},"thumbnailUrl":"https:\/\/tera-environnement.com\/wp-content\/uploads\/2025\/05\/Paysage-pollen-actu-asthme-e1746617973910.png","articleSection":["Noticias"],"inLanguage":"es"},{"@type":"WebPage","@id":"https:\/\/tera-environnement.com\/es\/dia-mundial-del-asma-la-importancia-de-caracterizar-los-contaminantes-atmosfericos\/","url":"https:\/\/tera-environnement.com\/es\/dia-mundial-del-asma-la-importancia-de-caracterizar-los-contaminantes-atmosfericos\/","name":"D\u00eda Mundial del Asma - 6 de mayo de 2025","isPartOf":{"@id":"https:\/\/tera-environnement.com\/#website"},"primaryImageOfPage":{"@id":"https:\/\/tera-environnement.com\/es\/dia-mundial-del-asma-la-importancia-de-caracterizar-los-contaminantes-atmosfericos\/#primaryimage"},"image":{"@id":"https:\/\/tera-environnement.com\/es\/dia-mundial-del-asma-la-importancia-de-caracterizar-los-contaminantes-atmosfericos\/#primaryimage"},"thumbnailUrl":"https:\/\/tera-environnement.com\/wp-content\/uploads\/2025\/05\/Paysage-pollen-actu-asthme-e1746617973910.png","datePublished":"2025-05-07T11:24:49+00:00","dateModified":"2025-09-25T14:10:09+00:00","description":"TERA Environnement, laboratorio de an\u00e1lisis especializado en an\u00e1lisis del aire, es tu mejor aliado para caracterizar contaminantes.","breadcrumb":{"@id":"https:\/\/tera-environnement.com\/es\/dia-mundial-del-asma-la-importancia-de-caracterizar-los-contaminantes-atmosfericos\/#breadcrumb"},"inLanguage":"es","potentialAction":[{"@type":"ReadAction","target":["https:\/\/tera-environnement.com\/es\/dia-mundial-del-asma-la-importancia-de-caracterizar-los-contaminantes-atmosfericos\/"]}]},{"@type":"ImageObject","inLanguage":"es","@id":"https:\/\/tera-environnement.com\/es\/dia-mundial-del-asma-la-importancia-de-caracterizar-los-contaminantes-atmosfericos\/#primaryimage","url":"https:\/\/tera-environnement.com\/wp-content\/uploads\/2025\/05\/Paysage-pollen-actu-asthme-e1746617973910.png","contentUrl":"https:\/\/tera-environnement.com\/wp-content\/uploads\/2025\/05\/Paysage-pollen-actu-asthme-e1746617973910.png","width":1024,"height":1024},{"@type":"BreadcrumbList","@id":"https:\/\/tera-environnement.com\/es\/dia-mundial-del-asma-la-importancia-de-caracterizar-los-contaminantes-atmosfericos\/#breadcrumb","itemListElement":[{"@type":"ListItem","position":1,"name":"Home","item":"https:\/\/tera-environnement.com\/es\/"},{"@type":"ListItem","position":2,"name":"D\u00eda Mundial del Asma &#8211; La importancia de caracterizar los contaminantes atmosf\u00e9ricos"}]},{"@type":"WebSite","@id":"https:\/\/tera-environnement.com\/#website","url":"https:\/\/tera-environnement.com\/","name":"TERA Environnement","description":"Une soci\u00e9t\u00e9 du groupe tera","publisher":{"@id":"https:\/\/tera-environnement.com\/#organization"},"potentialAction":[{"@type":"SearchAction","target":{"@type":"EntryPoint","urlTemplate":"https:\/\/tera-environnement.com\/?s={search_term_string}"},"query-input":{"@type":"PropertyValueSpecification","valueRequired":true,"valueName":"search_term_string"}}],"inLanguage":"es"},{"@type":"Organization","@id":"https:\/\/tera-environnement.com\/#organization","name":"TERA Environnement","url":"https:\/\/tera-environnement.com\/","logo":{"@type":"ImageObject","inLanguage":"es","@id":"https:\/\/tera-environnement.com\/#\/schema\/logo\/image\/","url":"https:\/\/tera-environnement.com\/wp-content\/uploads\/2023\/09\/Logotype_Tera_Sensor-seul_couleur-1.jpg","contentUrl":"https:\/\/tera-environnement.com\/wp-content\/uploads\/2023\/09\/Logotype_Tera_Sensor-seul_couleur-1.jpg","width":125,"height":90,"caption":"TERA Environnement"},"image":{"@id":"https:\/\/tera-environnement.com\/#\/schema\/logo\/image\/"}},{"@type":"Person","@id":"https:\/\/tera-environnement.com\/#\/schema\/person\/6df5953bd840ea4693c1d0928a339204","name":"TERA ENVIRONNEMENT","image":{"@type":"ImageObject","inLanguage":"es","@id":"https:\/\/secure.gravatar.com\/avatar\/cbe5a144e518b2e02b7ae0e53c991c510da23d4b1a561106f529b7285e9e9667?s=96&d=mm&r=g","url":"https:\/\/secure.gravatar.com\/avatar\/cbe5a144e518b2e02b7ae0e53c991c510da23d4b1a561106f529b7285e9e9667?s=96&d=mm&r=g","contentUrl":"https:\/\/secure.gravatar.com\/avatar\/cbe5a144e518b2e02b7ae0e53c991c510da23d4b1a561106f529b7285e9e9667?s=96&d=mm&r=g","caption":"TERA ENVIRONNEMENT"},"url":"https:\/\/tera-environnement.com\/es\/author\/tera-environnement\/"}]}},"_links":{"self":[{"href":"https:\/\/tera-environnement.com\/es\/wp-json\/wp\/v2\/posts\/15705","targetHints":{"allow":["GET"]}}],"collection":[{"href":"https:\/\/tera-environnement.com\/es\/wp-json\/wp\/v2\/posts"}],"about":[{"href":"https:\/\/tera-environnement.com\/es\/wp-json\/wp\/v2\/types\/post"}],"author":[{"embeddable":true,"href":"https:\/\/tera-environnement.com\/es\/wp-json\/wp\/v2\/users\/42"}],"replies":[{"embeddable":true,"href":"https:\/\/tera-environnement.com\/es\/wp-json\/wp\/v2\/comments?post=15705"}],"version-history":[{"count":60,"href":"https:\/\/tera-environnement.com\/es\/wp-json\/wp\/v2\/posts\/15705\/revisions"}],"predecessor-version":[{"id":17833,"href":"https:\/\/tera-environnement.com\/es\/wp-json\/wp\/v2\/posts\/15705\/revisions\/17833"}],"wp:featuredmedia":[{"embeddable":true,"href":"https:\/\/tera-environnement.com\/es\/wp-json\/wp\/v2\/media\/15642"}],"wp:attachment":[{"href":"https:\/\/tera-environnement.com\/es\/wp-json\/wp\/v2\/media?parent=15705"}],"wp:term":[{"taxonomy":"category","embeddable":true,"href":"https:\/\/tera-environnement.com\/es\/wp-json\/wp\/v2\/categories?post=15705"},{"taxonomy":"post_tag","embeddable":true,"href":"https:\/\/tera-environnement.com\/es\/wp-json\/wp\/v2\/tags?post=15705"}],"curies":[{"name":"wp","href":"https:\/\/api.w.org\/{rel}","templated":true}]}}